{"id":164,"date":"2025-07-20T14:21:22","date_gmt":"2025-07-20T14:21:22","guid":{"rendered":"http:\/\/ostpreussen-niedersachsen.de\/?p=164"},"modified":"2025-07-20T14:32:50","modified_gmt":"2025-07-20T14:32:50","slug":"petition-einfhrung-eines-gedenktages-fr-die-heimatvertriebenen","status":"publish","type":"post","link":"https:\/\/ostpreussen-niedersachsen.de\/?p=164","title":{"rendered":"Petition: Einf&uuml;hrung eines Gedenktages f&uuml;r die Heimatvertriebenen"},"content":{"rendered":"<h3><a href=\"http:\/\/ostpreussen-niedersachsen.de\/wp-content\/uploads\/2025\/07\/Chrome-Legacy-Window-20.07.2025-162948.png\"><img loading=\"lazy\" decoding=\"async\" width=\"244\" height=\"118\" title=\"Chrome Legacy Window 20.07.2025 162948\" align=\"left\" style=\"margin: 0px 9px 0px 0px; float: left; display: inline; background-image: none;\" alt=\"Chrome Legacy Window 20.07.2025 162948\" src=\"http:\/\/ostpreussen-niedersachsen.de\/wp-content\/uploads\/2025\/07\/Chrome-Legacy-Window-20.07.2025-162948_thumb.png\" border=\"0\"><\/a>Wortlaut der Petition:<\/h3>\n<p>Wir, die Unterzeichner dieser Petition rufen zur Einf\u00fchrung eines Gedenktages in Niedersachsen auf, der den Heimatvertriebenen und den unter den Folgen des Zweiten Weltkrieges verstorbenen Menschen gewidmet ist. Dieser Gedenktag soll unabh\u00e4ngig vom Weltfl\u00fcchtlingstag stattfinden und die Bedeutung des gro\u00dfen Leids, das diese Menschen erlitten haben, anerkennen.<\/p>\n<p>Der Zweite Weltkrieg hat unvorstellbares Leid \u00fcber Millionen von Menschen gebracht. Etwa sechs Millionen Juden wurden w\u00e4hrend des Holocausts ermordet. Rund 12 bis 14 Millionen Menschen flohen aus den deutschen Ostgebieten, und insgesamt verloren etwa 60 bis 80 Millionen Menschen ihr Leben durch direkte Kriegseinwirkungen, Verbrechen und Kriegsfolgen. Sch\u00e4tzungsweise haben sich ungef\u00e4hr 1,67 Millionen Menschen nach Niedersachsen (27% der damaligen Bev\u00f6lkerung) gefl\u00fcchtet.<\/p>\n<p>Dieser Gedenktag soll:<\/p>\n<p>Das Andenken an die Opfer bewahren. Wir m\u00f6chten die Erinnerung an die unz\u00e4hligen Menschen, die aufgrund des Krieges und seiner Folgen ihr Leben verloren haben, lebendig halten.<\/p>\n<p>Anerkennung und W\u00fcrdigung: Die Schicksale der Heimatvertriebenen und der Opfer des Krieges sollen in den Vordergrund ger\u00fcckt und angemessen gew\u00fcrdigt werden.<\/p>\n<p>Bewusstsein schaffen: Dieser Tag soll dazu beitragen, das Bewusstsein f\u00fcr die historischen Ereignisse und das erlittene Leid zu sch\u00e4rfen, um daraus Lehren f\u00fcr die Zukunft zu ziehen.<\/p>\n<p>Wir appellieren an die Landesregierung von Niedersachsen, die Einf\u00fchrung eines solchen Gedenktages ernsthaft in Erw\u00e4gung zu ziehen und damit einen wichtigen Beitrag zur Erinnerungskultur und zum gesellschaftlichen Zusammenhalt zu leisten.<\/p>\n<p><\/p>\n<p><strong><font size=\"4\"><a href=\"https:\/\/www.navo.niedersachsen.de\/navo2\/portal\/nipetition\/0\/publicviewpetition?id=147\">Bitte Hier unterzeichnen<\/a><\/font><\/strong><\/p>\n","protected":false},"excerpt":{"rendered":"<p>Wortlaut der Petition: Wir, die Unterzeichner dieser Petition rufen zur Einf\u00fchrung eines Gedenktages in Niedersachsen auf, der den Heimatvertriebenen und den unter den Folgen des Zweiten Weltkrieges verstorbenen Menschen gewidmet&hellip; <\/p>\n","protected":false},"author":1,"featured_media":0,"comment_status":"open","ping_status":"open","sticky":false,"template":"","format":"standard","meta":{"_jetpack_memberships_contains_paid_content":false,"footnotes":""},"categories":[5],"tags":[20,18,19,17],"class_list":["post-164","post","type-post","status-publish","format-standard","hentry","category-aktuelles","tag-gedenktag-fuer-die-heimatvertriebenen","tag-landsmannschaft-ostpreussen","tag-niedersachsen","tag-petition"],"jetpack_featured_media_url":"","jetpack_sharing_enabled":true,"_links":{"self":[{"href":"https:\/\/ostpreussen-niedersachsen.de\/index.php?rest_route=\/wp\/v2\/posts\/164","targetHints":{"allow":["GET"]}}],"collection":[{"href":"https:\/\/ostpreussen-niedersachsen.de\/index.php?rest_route=\/wp\/v2\/posts"}],"about":[{"href":"https:\/\/ostpreussen-niedersachsen.de\/index.php?rest_route=\/wp\/v2\/types\/post"}],"author":[{"embeddable":true,"href":"https:\/\/ostpreussen-niedersachsen.de\/index.php?rest_route=\/wp\/v2\/users\/1"}],"replies":[{"embeddable":true,"href":"https:\/\/ostpreussen-niedersachsen.de\/index.php?rest_route=%2Fwp%2Fv2%2Fcomments&post=164"}],"version-history":[{"count":2,"href":"https:\/\/ostpreussen-niedersachsen.de\/index.php?rest_route=\/wp\/v2\/posts\/164\/revisions"}],"predecessor-version":[{"id":168,"href":"https:\/\/ostpreussen-niedersachsen.de\/index.php?rest_route=\/wp\/v2\/posts\/164\/revisions\/168"}],"wp:attachment":[{"href":"https:\/\/ostpreussen-niedersachsen.de\/index.php?rest_route=%2Fwp%2Fv2%2Fmedia&parent=164"}],"wp:term":[{"taxonomy":"category","embeddable":true,"href":"https:\/\/ostpreussen-niedersachsen.de\/index.php?rest_route=%2Fwp%2Fv2%2Fcategories&post=164"},{"taxonomy":"post_tag","embeddable":true,"href":"https:\/\/ostpreussen-niedersachsen.de\/index.php?rest_route=%2Fwp%2Fv2%2Ftags&post=164"}],"curies":[{"name":"wp","href":"https:\/\/api.w.org\/{rel}","templated":true}]}}