{"id":175,"date":"2025-07-27T15:08:05","date_gmt":"2025-07-27T15:08:05","guid":{"rendered":"https:\/\/ostpreussen-niedersachsen.de\/?p=175"},"modified":"2025-07-27T15:08:05","modified_gmt":"2025-07-27T15:08:05","slug":"landsmannschaft-ostpreuen-whlt-neuen-vorsitzenden","status":"publish","type":"post","link":"https:\/\/ostpreussen-niedersachsen.de\/?p=175","title":{"rendered":"Landsmannschaft Ostpreu&szlig;en w&auml;hlt neuen Vorsitzenden"},"content":{"rendered":"<p><a href=\"https:\/\/ostpreussen-niedersachsen.de\/wp-content\/uploads\/2025\/07\/P1000078.jpg\"><img loading=\"lazy\" decoding=\"async\" width=\"205\" height=\"244\" title=\"P1000078\" align=\"right\" style=\"float: right; display: inline; background-image: none;\" alt=\"P1000078\" src=\"https:\/\/ostpreussen-niedersachsen.de\/wp-content\/uploads\/2025\/07\/P1000078_thumb.jpg\" border=\"0\"><\/a>Die Landsmannschaft Ostpreu\u00dfen Landesgruppe Niedersachsen w\u00e4hlte in der Jahreshauptversammlung am 26.7.2025 ihren neuen Versitzenden.<\/p>\n<p>Die Versammlung fand in den R\u00e4umen des Ostpreu\u00dfischen Landesmuseums in L\u00fcneburg statt.<\/p>\n<p>Vorstandsmitglied Dr. Uffhausen er\u00f6ffnete die Versammlung und informierte die Mitglieder, da\u00df die Vorsitzende Frau Dr. Loeffke aus gesundheitlichen Gr\u00fcnden nicht in der Lage sei den Vorsitz weiter zu f\u00fchren.<\/p>\n<p>Als Nachfolger war von Frau Dr. Loeffke Herr Helmut Papke vorgeschlagen worden. Dieser wurde im Laufe der Versammlung einstimmig gew\u00e4hlt. <\/p>\n<p>Wir gratulieren Herrn Papke und w\u00fcnschen f\u00fcr seine Aufgabe ein gutes Gelingen.<\/p>\n<p><\/p>\n<p><a href=\"https:\/\/ostpreussen-niedersachsen.de\/wp-content\/uploads\/2025\/07\/P1000085.jpg\"><img loading=\"lazy\" decoding=\"async\" width=\"705\" height=\"255\" title=\"P1000085\" style=\"display: inline; background-image: none;\" alt=\"P1000085\" src=\"https:\/\/ostpreussen-niedersachsen.de\/wp-content\/uploads\/2025\/07\/P1000085_thumb.jpg\" border=\"0\"><\/a><\/p>\n","protected":false},"excerpt":{"rendered":"<p>Die Landsmannschaft Ostpreu\u00dfen Landesgruppe Niedersachsen w\u00e4hlte in der Jahreshauptversammlung am 26.7.2025 ihren neuen Versitzenden. Die Versammlung fand in den R\u00e4umen des Ostpreu\u00dfischen Landesmuseums in L\u00fcneburg statt. Vorstandsmitglied Dr. Uffhausen er\u00f6ffnete&hellip; <\/p>\n","protected":false},"author":1,"featured_media":0,"comment_status":"open","ping_status":"open","sticky":false,"template":"","format":"standard","meta":{"_jetpack_memberships_contains_paid_content":false,"footnotes":""},"categories":[5],"tags":[18,21,19],"class_list":["post-175","post","type-post","status-publish","format-standard","hentry","category-aktuelles","tag-landsmannschaft-ostpreussen","tag-neuer-vorsitzender","tag-niedersachsen"],"jetpack_featured_media_url":"","jetpack_sharing_enabled":true,"_links":{"self":[{"href":"https:\/\/ostpreussen-niedersachsen.de\/index.php?rest_route=\/wp\/v2\/posts\/175","targetHints":{"allow":["GET"]}}],"collection":[{"href":"https:\/\/ostpreussen-niedersachsen.de\/index.php?rest_route=\/wp\/v2\/posts"}],"about":[{"href":"https:\/\/ostpreussen-niedersachsen.de\/index.php?rest_route=\/wp\/v2\/types\/post"}],"author":[{"embeddable":true,"href":"https:\/\/ostpreussen-niedersachsen.de\/index.php?rest_route=\/wp\/v2\/users\/1"}],"replies":[{"embeddable":true,"href":"https:\/\/ostpreussen-niedersachsen.de\/index.php?rest_route=%2Fwp%2Fv2%2Fcomments&post=175"}],"version-history":[{"count":1,"href":"https:\/\/ostpreussen-niedersachsen.de\/index.php?rest_route=\/wp\/v2\/posts\/175\/revisions"}],"predecessor-version":[{"id":176,"href":"https:\/\/ostpreussen-niedersachsen.de\/index.php?rest_route=\/wp\/v2\/posts\/175\/revisions\/176"}],"wp:attachment":[{"href":"https:\/\/ostpreussen-niedersachsen.de\/index.php?rest_route=%2Fwp%2Fv2%2Fmedia&parent=175"}],"wp:term":[{"taxonomy":"category","embeddable":true,"href":"https:\/\/ostpreussen-niedersachsen.de\/index.php?rest_route=%2Fwp%2Fv2%2Fcategories&post=175"},{"taxonomy":"post_tag","embeddable":true,"href":"https:\/\/ostpreussen-niedersachsen.de\/index.php?rest_route=%2Fwp%2Fv2%2Ftags&post=175"}],"curies":[{"name":"wp","href":"https:\/\/api.w.org\/{rel}","templated":true}]}}