{"id":204,"date":"2025-08-08T09:44:06","date_gmt":"2025-08-08T09:44:06","guid":{"rendered":"https:\/\/ostpreussen-niedersachsen.de\/?p=204"},"modified":"2025-08-08T09:44:06","modified_gmt":"2025-08-08T09:44:06","slug":"festakt-75-jahre-charta-der-deutschen-heimatvertriebenen","status":"publish","type":"post","link":"https:\/\/ostpreussen-niedersachsen.de\/?p=204","title":{"rendered":"Festakt 75 Jahre Charta der deutschen Heimatvertriebenen"},"content":{"rendered":"<p>\u201cMit einem Festakt in Stuttgart ist am Dienstag an die Unterzeichnung der Charta der deutschen Heimatvertriebenen vor 75 Jahren erinnert worden. In seiner Festrede w\u00fcrdigte Bundeskanzler Friedrich Merz (CDU) die Leistung der deutschen Heimatvertriebenen. Sie h\u00e4tten wesentlich mitgearbeitet an dem wirtschaftlichen Fundament, &#8222;das unser Land bis heute tr\u00e4gt&#8220;, sagte Merz.\u201d<\/p>\n<p>\u201c Der Pr\u00e4sident des Bundes der Vertriebenen, Bernd Fabritius, w\u00fcrdigte die Charta als &#8222;zukunftsweisendes Dokument von fortw\u00e4hrender Aktualit\u00e4t&#8220;. Das Dokument sei seiner Zeit weit voraus gewesen, sagte er. Mit der Abkehr von Rache und Vergeltung h\u00e4tten die Unterzeichner eine der ersten modernen Visionen eines freien und vereinten Europas gezeichnet.<\/p>\n<p>Dabei sei es keine Selbstverst\u00e4ndlichkeit gewesen, dass die deutschen Heimatvertriebenen damals aus der Spirale von Gewalt und Vergeltung ausgestiegen seien: &#8222;Denn Vertreibungen bleiben immer Unrecht und k\u00f6nnen nie gegen andere Verbrechen aufgerechnet werden.&#8220; Es h\u00e4tte im Nachkriegsdeutschland auch ganz anders kommen k\u00f6nnen, sagte Fabritius.<\/p>\n<p>Zitate Tagesschau.de <\/p>\n<p><iframe loading=\"lazy\" width=\"560\" height=\"315\" title=\"YouTube video player\" src=\"https:\/\/www.youtube.com\/embed\/b4bChNlJqUA?si=4shFaRjSLswWVU1i\" frameborder=\"0\" allowfullscreen=\"\" referrerpolicy=\"strict-origin-when-cross-origin\" allow=\"accelerometer; autoplay; clipboard-write; encrypted-media; gyroscope; picture-in-picture; web-share\"><\/iframe><\/p>\n","protected":false},"excerpt":{"rendered":"<p>\u201cMit einem Festakt in Stuttgart ist am Dienstag an die Unterzeichnung der Charta der deutschen Heimatvertriebenen vor 75 Jahren erinnert worden. In seiner Festrede w\u00fcrdigte Bundeskanzler Friedrich Merz (CDU) die&hellip; <\/p>\n","protected":false},"author":1,"featured_media":0,"comment_status":"open","ping_status":"open","sticky":false,"template":"","format":"standard","meta":{"_jetpack_memberships_contains_paid_content":false,"footnotes":""},"categories":[5],"tags":[30,29,28,27,26],"class_list":["post-204","post","type-post","status-publish","format-standard","hentry","category-aktuelles","tag-bdv","tag-bernd-fabritius","tag-bundeskanzler-friedrich-merz","tag-charta-der-deutschen-heimatvertriebenen","tag-festakt-in-stuttgart"],"jetpack_featured_media_url":"","jetpack_sharing_enabled":true,"_links":{"self":[{"href":"https:\/\/ostpreussen-niedersachsen.de\/index.php?rest_route=\/wp\/v2\/posts\/204","targetHints":{"allow":["GET"]}}],"collection":[{"href":"https:\/\/ostpreussen-niedersachsen.de\/index.php?rest_route=\/wp\/v2\/posts"}],"about":[{"href":"https:\/\/ostpreussen-niedersachsen.de\/index.php?rest_route=\/wp\/v2\/types\/post"}],"author":[{"embeddable":true,"href":"https:\/\/ostpreussen-niedersachsen.de\/index.php?rest_route=\/wp\/v2\/users\/1"}],"replies":[{"embeddable":true,"href":"https:\/\/ostpreussen-niedersachsen.de\/index.php?rest_route=%2Fwp%2Fv2%2Fcomments&post=204"}],"version-history":[{"count":1,"href":"https:\/\/ostpreussen-niedersachsen.de\/index.php?rest_route=\/wp\/v2\/posts\/204\/revisions"}],"predecessor-version":[{"id":205,"href":"https:\/\/ostpreussen-niedersachsen.de\/index.php?rest_route=\/wp\/v2\/posts\/204\/revisions\/205"}],"wp:attachment":[{"href":"https:\/\/ostpreussen-niedersachsen.de\/index.php?rest_route=%2Fwp%2Fv2%2Fmedia&parent=204"}],"wp:term":[{"taxonomy":"category","embeddable":true,"href":"https:\/\/ostpreussen-niedersachsen.de\/index.php?rest_route=%2Fwp%2Fv2%2Fcategories&post=204"},{"taxonomy":"post_tag","embeddable":true,"href":"https:\/\/ostpreussen-niedersachsen.de\/index.php?rest_route=%2Fwp%2Fv2%2Ftags&post=204"}],"curies":[{"name":"wp","href":"https:\/\/api.w.org\/{rel}","templated":true}]}}