{"id":213,"date":"2025-10-31T11:01:06","date_gmt":"2025-10-31T11:01:06","guid":{"rendered":"https:\/\/ostpreussen-niedersachsen.de\/?p=213"},"modified":"2025-10-31T11:06:32","modified_gmt":"2025-10-31T11:06:32","slug":"ostpreuentreffen-in-wolfsburg-am-6-juni-2026","status":"publish","type":"post","link":"https:\/\/ostpreussen-niedersachsen.de\/?p=213","title":{"rendered":"Ostpreu&szlig;entreffen in Wolfsburg am 6. Juni 2026"},"content":{"rendered":"<p><a href=\"https:\/\/ostpreussen-niedersachsen.de\/wp-content\/uploads\/2025\/10\/LO-Jahrestreffen2026.jpg\"><img loading=\"lazy\" decoding=\"async\" width=\"342\" height=\"484\" title=\"LO-Jahrestreffen2026\" align=\"left\" style=\"margin: 0px 5px 0px 0px; border-image: none; float: left; display: inline; background-image: none;\" alt=\"LO-Jahrestreffen2026\" src=\"https:\/\/ostpreussen-niedersachsen.de\/wp-content\/uploads\/2025\/10\/LO-Jahrestreffen2026_thumb.jpg\" border=\"0\"><\/a>Ostpreu\u00dfen aus allen Teilen Deutschlands und aus den heute zu Polen und Litauen geh\u00f6renden Gebieten Ostpreu\u00dfens, der bis 1945 \u00f6stlichsten Provinz Deutschlands, werden am 6. Juni 2026 im CongressPark Wolfsburg zum Treffen der Landsmannschaft Ostpreu\u00dfen erwartet. Die Besucher k\u00f6nnen sich auf ein reichhaltiges und kurzweiliges Programm freuen.<\/p>\n<p>Das Ostpreu\u00dfentreffen beginnt mit einer Kranzniederlegung am Mahnmal f\u00fcr die deutschen Heimatvertriebenen auf dem Klieversberg. Ab 10.00 Uhr startet das musikalische Vorprogramm. Es folgt die Festveranstaltung, die traditionell mit dem Glockengel\u00e4ut des K\u00f6nigsberger Domes und dem stimmungsvollen Einmarsch der Fahnen der ostpreu\u00dfischen Kreise von Allenstein bis Wehlau er\u00f6ffnet wird. H\u00f6hepunkt des Vormittags ist dann die Ansprache des Sprechers der Landsmannschaft Ostpreu\u00dfen, Stephan Grigat. Eine zweist\u00fcndige Mittagspause schlie\u00dft sich an, die zur kulinarischen St\u00e4rkung einl\u00e4dt und Gelegenheit bietet, sich \u00fcber die Arbeit ostpreu\u00dfischer Vereine und Einrichtungen im Foyer zu informieren. Der Nachmittag steht ganz im Zeichen der ostpreu\u00dfischen Kultur. Auftreten werden u.a. Ch\u00f6re und Tanzgruppen aus der Heimat.<\/p>\n<p>Karten k\u00f6nnen zum Preis von 10,00 \u20ac an der Tageskasse erworben werden. Einlass ist ab 9.00 Uhr.<\/p>\n<p>Bei R\u00fcckfragen wenden Sie sich an Dr. Sebastian Husen, Bundesgesch\u00e4ftsf\u00fchrer der Landsmannschaft Ostpreu\u00dfen, Tel. 040-414008-23, <a>husen@ostpreussen.de<\/a><a href=\"https:\/\/ostpreussen-niedersachsen.de\/wp-content\/uploads\/2025\/10\/image.png\"><img loading=\"lazy\" decoding=\"async\" width=\"604\" height=\"404\" title=\"image\" style=\"display: inline; background-image: none;\" alt=\"image\" src=\"https:\/\/ostpreussen-niedersachsen.de\/wp-content\/uploads\/2025\/10\/image_thumb.png\" border=\"0\"><\/a><\/p>\n","protected":false},"excerpt":{"rendered":"<p>Ostpreu\u00dfen aus allen Teilen Deutschlands und aus den heute zu Polen und Litauen geh\u00f6renden Gebieten Ostpreu\u00dfens, der bis 1945 \u00f6stlichsten Provinz Deutschlands, werden am 6. Juni 2026 im CongressPark Wolfsburg&hellip; <\/p>\n","protected":false},"author":1,"featured_media":0,"comment_status":"open","ping_status":"open","sticky":false,"template":"","format":"standard","meta":{"_jetpack_memberships_contains_paid_content":false,"footnotes":""},"categories":[5],"tags":[33,31,32],"class_list":["post-213","post","type-post","status-publish","format-standard","hentry","category-aktuelles","tag-33","tag-ostpreussentreffen","tag-wolfsburg"],"jetpack_featured_media_url":"","jetpack_sharing_enabled":true,"_links":{"self":[{"href":"https:\/\/ostpreussen-niedersachsen.de\/index.php?rest_route=\/wp\/v2\/posts\/213","targetHints":{"allow":["GET"]}}],"collection":[{"href":"https:\/\/ostpreussen-niedersachsen.de\/index.php?rest_route=\/wp\/v2\/posts"}],"about":[{"href":"https:\/\/ostpreussen-niedersachsen.de\/index.php?rest_route=\/wp\/v2\/types\/post"}],"author":[{"embeddable":true,"href":"https:\/\/ostpreussen-niedersachsen.de\/index.php?rest_route=\/wp\/v2\/users\/1"}],"replies":[{"embeddable":true,"href":"https:\/\/ostpreussen-niedersachsen.de\/index.php?rest_route=%2Fwp%2Fv2%2Fcomments&post=213"}],"version-history":[{"count":2,"href":"https:\/\/ostpreussen-niedersachsen.de\/index.php?rest_route=\/wp\/v2\/posts\/213\/revisions"}],"predecessor-version":[{"id":217,"href":"https:\/\/ostpreussen-niedersachsen.de\/index.php?rest_route=\/wp\/v2\/posts\/213\/revisions\/217"}],"wp:attachment":[{"href":"https:\/\/ostpreussen-niedersachsen.de\/index.php?rest_route=%2Fwp%2Fv2%2Fmedia&parent=213"}],"wp:term":[{"taxonomy":"category","embeddable":true,"href":"https:\/\/ostpreussen-niedersachsen.de\/index.php?rest_route=%2Fwp%2Fv2%2Fcategories&post=213"},{"taxonomy":"post_tag","embeddable":true,"href":"https:\/\/ostpreussen-niedersachsen.de\/index.php?rest_route=%2Fwp%2Fv2%2Ftags&post=213"}],"curies":[{"name":"wp","href":"https:\/\/api.w.org\/{rel}","templated":true}]}}