{"id":228,"date":"2025-11-09T16:50:36","date_gmt":"2025-11-09T16:50:36","guid":{"rendered":"https:\/\/ostpreussen-niedersachsen.de\/?p=228"},"modified":"2025-11-09T17:03:55","modified_gmt":"2025-11-09T17:03:55","slug":"neuwahlen-bei-der-ostpreuischen-landesvertretung-2025","status":"publish","type":"post","link":"https:\/\/ostpreussen-niedersachsen.de\/?p=228","title":{"rendered":"Neuwahlen bei der Ostpreu&szlig;ischen Landesvertretung 2025"},"content":{"rendered":"<p><a href=\"https:\/\/ostpreussen-niedersachsen.de\/wp-content\/uploads\/2025\/11\/20251108_164251-1.jpg\"><img loading=\"lazy\" decoding=\"async\" width=\"354\" height=\"201\" title=\"20251108_164251\" align=\"left\" style=\"margin: 0px 3px 0px 0px; float: left; display: inline; background-image: none;\" alt=\"20251108_164251\" src=\"https:\/\/ostpreussen-niedersachsen.de\/wp-content\/uploads\/2025\/11\/20251108_164251_thumb-1.jpg\" border=\"0\"><\/a>Am 8. und 9. September fand im Internationalen Evangelische Tagungszentrum Wuppertal \u201eAuf dem Heiligen Berg\u201c die Sitzung der Ostpreu\u00dfischen Landesvertretung 2025 statt. Auch die nieders\u00e4chsische Landesgruppe war mit drei Delegierten vertreten.<a href=\"https:\/\/ostpreussen-niedersachsen.de\/wp-content\/uploads\/2025\/11\/20251108_160915-2.jpg\"><img loading=\"lazy\" decoding=\"async\" width=\"354\" height=\"439\" title=\"20251108_160915\" align=\"left\" style=\"margin: 0px 3px 0px 0px; float: left; display: inline; background-image: none;\" alt=\"20251108_160915\" src=\"https:\/\/ostpreussen-niedersachsen.de\/wp-content\/uploads\/2025\/11\/20251108_160915_thumb-2.jpg\" border=\"0\"><\/a><\/p>\n<p>Als besonders wichtiger Tagesordnungspunkt wurde der Vorstand der Landsmannschaft Ostpreu\u00dfen neu gew\u00e4hlt.<\/p>\n<p>Mit gro\u00dfer Mehrheit wurde der bisherige Sprecher der Landsmannschaft Stephan Grigat wieder gew\u00e4hlt.&nbsp; Zum Stellvertreter wurde gew\u00e4hlt Hans-J\u00f6rg Froese. Auch Friedrich-Wilhelm B\u00f6ld wurde als Schatzmeister im Amt best\u00e4tigt.Als Beisitzer wurden die Herren P\u00fcstow, Stabe und Acker gew\u00e4hlt.&nbsp; Wir w\u00fcnschen der neu gew\u00e4hlten Mannschaft eine gut Zusammenarbeit und ein erfolgreiches Schaffen zum Wohle unserer ostpreu\u00dfischen Sache.<\/p>\n<p><a href=\"https:\/\/ostpreussen-niedersachsen.de\/wp-content\/uploads\/2025\/11\/IMG_0886-2.png\"><img loading=\"lazy\" decoding=\"async\" width=\"458\" height=\"481\" title=\"IMG_0886\" align=\"right\" style=\"margin: 0px 3px 0px 0px; float: right; display: inline; background-image: none;\" alt=\"IMG_0886\" src=\"https:\/\/ostpreussen-niedersachsen.de\/wp-content\/uploads\/2025\/11\/IMG_0886_thumb-2.png\" border=\"0\"><\/a>Weiter wurden die Haushaltsplanung abgestimmt und \u00fcber die Zukunft der Preu\u00dfischen Allgemeinen gesprochen. Es war ein arbeitsreiches Wochenende, an dem wir gemeinsam gerungen und kreativ geplant haben. So k\u00f6nnen wir zuversichtlich in die Zukunft blicken. Es war schon immer der Zusammenhalt, der uns Ostpreu\u00dfen stark machte.<\/p>\n","protected":false},"excerpt":{"rendered":"<p>Am 8. und 9. September fand im Internationalen Evangelische Tagungszentrum Wuppertal \u201eAuf dem Heiligen Berg\u201c die Sitzung der Ostpreu\u00dfischen Landesvertretung 2025 statt. Auch die nieders\u00e4chsische Landesgruppe war mit drei Delegierten&hellip; <\/p>\n","protected":false},"author":1,"featured_media":0,"comment_status":"open","ping_status":"open","sticky":false,"template":"","format":"standard","meta":{"_jetpack_memberships_contains_paid_content":false,"footnotes":""},"categories":[5],"tags":[37,18,35,34,36],"class_list":["post-228","post","type-post","status-publish","format-standard","hentry","category-aktuelles","tag-landesgruppe-niedersachsen","tag-landsmannschaft-ostpreussen","tag-olv","tag-ostpreussische-landesvertretung","tag-stephan-grigat"],"jetpack_featured_media_url":"","jetpack_sharing_enabled":true,"_links":{"self":[{"href":"https:\/\/ostpreussen-niedersachsen.de\/index.php?rest_route=\/wp\/v2\/posts\/228","targetHints":{"allow":["GET"]}}],"collection":[{"href":"https:\/\/ostpreussen-niedersachsen.de\/index.php?rest_route=\/wp\/v2\/posts"}],"about":[{"href":"https:\/\/ostpreussen-niedersachsen.de\/index.php?rest_route=\/wp\/v2\/types\/post"}],"author":[{"embeddable":true,"href":"https:\/\/ostpreussen-niedersachsen.de\/index.php?rest_route=\/wp\/v2\/users\/1"}],"replies":[{"embeddable":true,"href":"https:\/\/ostpreussen-niedersachsen.de\/index.php?rest_route=%2Fwp%2Fv2%2Fcomments&post=228"}],"version-history":[{"count":6,"href":"https:\/\/ostpreussen-niedersachsen.de\/index.php?rest_route=\/wp\/v2\/posts\/228\/revisions"}],"predecessor-version":[{"id":244,"href":"https:\/\/ostpreussen-niedersachsen.de\/index.php?rest_route=\/wp\/v2\/posts\/228\/revisions\/244"}],"wp:attachment":[{"href":"https:\/\/ostpreussen-niedersachsen.de\/index.php?rest_route=%2Fwp%2Fv2%2Fmedia&parent=228"}],"wp:term":[{"taxonomy":"category","embeddable":true,"href":"https:\/\/ostpreussen-niedersachsen.de\/index.php?rest_route=%2Fwp%2Fv2%2Fcategories&post=228"},{"taxonomy":"post_tag","embeddable":true,"href":"https:\/\/ostpreussen-niedersachsen.de\/index.php?rest_route=%2Fwp%2Fv2%2Ftags&post=228"}],"curies":[{"name":"wp","href":"https:\/\/api.w.org\/{rel}","templated":true}]}}